{"id":25994,"date":"2023-02-14T17:14:22","date_gmt":"2023-02-14T17:14:22","guid":{"rendered":"https:\/\/ourisland-azores.com\/?p=25994"},"modified":"2023-02-15T13:22:56","modified_gmt":"2023-02-15T13:22:56","slug":"a-caminho-da-caldeira-de-santo-cristo","status":"publish","type":"post","link":"https:\/\/ourisland-azores.com\/pt-pt\/blog-pt-pt\/a-caminho-da-caldeira-de-santo-cristo\/","title":{"rendered":"A caminho da Caldeira de Santo Cristo"},"content":{"rendered":"\t\t<div data-elementor-type=\"wp-post\" data-elementor-id=\"25994\" class=\"elementor elementor-25994 elementor-1056\">\n\t\t\t\t\t\t<section class=\"elementor-section elementor-top-section elementor-element elementor-element-8d1f57e elementor-section-boxed elementor-section-height-default elementor-section-height-default\" data-id=\"8d1f57e\" data-element_type=\"section\">\n\t\t\t\t\t\t<div class=\"elementor-container elementor-column-gap-default\">\n\t\t\t\t\t<div class=\"elementor-column elementor-col-100 elementor-top-column elementor-element elementor-element-13bb4e4\" data-id=\"13bb4e4\" data-element_type=\"column\">\n\t\t\t<div class=\"elementor-widget-wrap elementor-element-populated\">\n\t\t\t\t\t\t<div class=\"elementor-element elementor-element-57e7369 elementor-widget elementor-widget-text-editor\" data-id=\"57e7369\" data-element_type=\"widget\" data-widget_type=\"text-editor.default\">\n\t\t\t\t<div class=\"elementor-widget-container\">\n\t\t\t\t\t\t\t\t\t<p>Durante um dos nossos <a href=\"https:\/\/ourisland-azores.com\">Programas de Caminhada<\/a>, percorremos um total de quase 100 km de trilhos pelas Ilhas do Tri\u00e2ngulo. Na peculiar ilha de S\u00e3o Jorge, descemos um trilho que nos leva por paisagens incr\u00edveis at\u00e9 chegarmos \u00e0 t\u00e3o famosa Caldeira de Santo Cristo.<\/p><p>A Faj\u00e3 da Caldeira de Santo Cristo \u00e9 um local muito especial. Tornou-se cada vez mais popular nos \u00faltimos anos e, embora a faj\u00e3 tenha mudado um pouco com a press\u00e3o do turismo local, achamos que a caminhada at\u00e9 l\u00e1 continua a ser \u201cobrigat\u00f3ria\u201d.<\/p><p>Depois de passarmos pela Caldeira de Santo Cristo, terminamos o trilho na Faj\u00e3 dos Cubres. Esta faj\u00e3 n\u00e3o sofre de tanta press\u00e3o tur\u00edstica e \u00e9 gratificante terminar a caminhada numa zona h\u00famida classificada como local de import\u00e2ncia ecol\u00f3gica internacional ao abrigo da Conven\u00e7\u00e3o sobre as Zonas H\u00famidas de Import\u00e2ncia Internacional (<a href=\"https:\/\/www.ramsar.org\">Ramsar<\/a>). A fant\u00e1stica lagoa que ali podemos encontrar \u00e9 de grande import\u00e2ncia para as aves marinhas como o cagarro (Calonectris diomedea), o garajau (Sterna hirundo), o garajau-rosado (Sterna dougallii), o garajau-escuro (Sterna fuscata), a galinhola (Scolopax rusticola), o rabo-de-palha-de-bico-vermelho (Phaethon aethereus), a Narceja-comum (Gallinago gallinago), etc.<\/p><p>S\u00e3o Jorge \u00e9 uma das poucas ilhas privilegiadas dos A\u00e7ores com caudais permanentes de ribeiras de \u00e1gua pura, e por isso decidimos dar um mergulho numa das suas cascatas. Dependendo da \u00e9poca do ano esta \u00e1gua pode estar bem gelada mas ser\u00e1 sempre uma experi\u00eancia a n\u00e3o perder.<\/p><p>#ourislandway<\/p><p>your shoes in our steps<\/p>\t\t\t\t\t\t\t\t<\/div>\n\t\t\t\t<\/div>\n\t\t\t\t\t<\/div>\n\t\t<\/div>\n\t\t\t\t\t<\/div>\n\t\t<\/section>\n\t\t\t\t<section class=\"elementor-section elementor-top-section elementor-element elementor-element-e9cb931 elementor-section-boxed elementor-section-height-default elementor-section-height-default\" data-id=\"e9cb931\" data-element_type=\"section\">\n\t\t\t\t\t\t<div class=\"elementor-container elementor-column-gap-default\">\n\t\t\t\t\t<div class=\"elementor-column elementor-col-100 elementor-top-column elementor-element elementor-element-b3913ac\" data-id=\"b3913ac\" data-element_type=\"column\">\n\t\t\t<div class=\"elementor-widget-wrap elementor-element-populated\">\n\t\t\t\t\t\t<div class=\"elementor-element elementor-element-18c4a8a elementor-widget elementor-widget-video\" data-id=\"18c4a8a\" data-element_type=\"widget\" data-settings=\"{&quot;video_type&quot;:&quot;vimeo&quot;}\" data-widget_type=\"video.default\">\n\t\t\t\t<div class=\"elementor-widget-container\">\n\t\t\t\t\t\t\t<div class=\"elementor-wrapper elementor-open-inline\">\n\t\t\t<iframe class=\"elementor-video-iframe\" allowfullscreen allow=\"clipboard-write\" title=\"Reprodutor de v\u00eddeo de vimeo\" src=\"https:\/\/player.vimeo.com\/video\/191043691?color&amp;autopause=0&amp;loop=0&amp;muted=0&amp;title=1&amp;portrait=1&amp;byline=1#t=\"><\/iframe>\t\t<\/div>\n\t\t\t\t\t\t<\/div>\n\t\t\t\t<\/div>\n\t\t\t\t\t<\/div>\n\t\t<\/div>\n\t\t\t\t\t<\/div>\n\t\t<\/section>\n\t\t\t\t<\/div>\n\t\t","protected":false},"excerpt":{"rendered":"<p>Durante um dos nossos Programas de Caminhada, percorremos um total de quase 100 km de trilhos pelas Ilhas do Tri\u00e2ngulo. [&hellip;]<\/p>\n","protected":false},"author":2,"featured_media":1356,"comment_status":"closed","ping_status":"open","sticky":false,"template":"","format":"standard","meta":{"_acf_changed":false,"footnotes":""},"categories":[60,61],"tags":[],"class_list":["post-25994","post","type-post","status-publish","format-standard","has-post-thumbnail","hentry","category-blog-pt-pt","category-caminhada"],"acf":[],"yoast_head":"<!-- This site is optimized with the Yoast SEO plugin v26.8 - https:\/\/yoast.com\/product\/yoast-seo-wordpress\/ -->\n<title>A caminho da Caldeira de Santo Cristo - Our Island<\/title>\n<meta name=\"description\" content=\"A Faj\u00e3 da Caldeira de Santo Cristo \u00e9 um local muito especial. Tornou-se cada vez mais popular nos \u00faltimos anos.\" \/>\n<meta name=\"robots\" content=\"index, follow, max-snippet:-1, max-image-preview:large, max-video-preview:-1\" \/>\n<link rel=\"canonical\" href=\"https:\/\/ourisland-azores.com\/pt-pt\/blog-pt-pt\/a-caminho-da-caldeira-de-santo-cristo\/\" \/>\n<meta property=\"og:locale\" content=\"pt_PT\" \/>\n<meta property=\"og:type\" content=\"article\" \/>\n<meta property=\"og:title\" content=\"A caminho da Caldeira de Santo Cristo - Our Island\" \/>\n<meta property=\"og:description\" content=\"A Faj\u00e3 da Caldeira de Santo Cristo \u00e9 um local muito especial. Tornou-se cada vez mais popular nos \u00faltimos anos.\" \/>\n<meta property=\"og:url\" content=\"https:\/\/ourisland-azores.com\/pt-pt\/blog-pt-pt\/a-caminho-da-caldeira-de-santo-cristo\/\" \/>\n<meta property=\"og:site_name\" content=\"Our Island Azores\" \/>\n<meta property=\"article:published_time\" content=\"2023-02-14T17:14:22+00:00\" \/>\n<meta property=\"article:modified_time\" content=\"2023-02-15T13:22:56+00:00\" \/>\n<meta property=\"og:image\" content=\"https:\/\/ourisland-azores.com\/wp-content\/uploads\/2019\/04\/s-jorge-blog.jpg\" \/>\n\t<meta property=\"og:image:width\" content=\"1000\" \/>\n\t<meta property=\"og:image:height\" content=\"769\" \/>\n\t<meta property=\"og:image:type\" content=\"image\/jpeg\" \/>\n<meta name=\"author\" content=\"Our Island\" \/>\n<meta name=\"twitter:card\" content=\"summary_large_image\" \/>\n<meta name=\"twitter:label1\" content=\"Escrito por\" \/>\n\t<meta name=\"twitter:data1\" content=\"Our Island\" \/>\n\t<meta name=\"twitter:label2\" content=\"Tempo estimado de leitura\" \/>\n\t<meta name=\"twitter:data2\" content=\"2 minutos\" \/>\n<script type=\"application\/ld+json\" class=\"yoast-schema-graph\">{\"@context\":\"https:\/\/schema.org\",\"@graph\":[{\"@type\":\"Article\",\"@id\":\"https:\/\/ourisland-azores.com\/pt-pt\/blog-pt-pt\/a-caminho-da-caldeira-de-santo-cristo\/#article\",\"isPartOf\":{\"@id\":\"https:\/\/ourisland-azores.com\/pt-pt\/blog-pt-pt\/a-caminho-da-caldeira-de-santo-cristo\/\"},\"author\":{\"name\":\"Our Island\",\"@id\":\"https:\/\/ourisland-azores.com\/#\/schema\/person\/3f507218f4d777a8441e276b92e02c70\"},\"headline\":\"A caminho da Caldeira de Santo Cristo\",\"datePublished\":\"2023-02-14T17:14:22+00:00\",\"dateModified\":\"2023-02-15T13:22:56+00:00\",\"mainEntityOfPage\":{\"@id\":\"https:\/\/ourisland-azores.com\/pt-pt\/blog-pt-pt\/a-caminho-da-caldeira-de-santo-cristo\/\"},\"wordCount\":263,\"publisher\":{\"@id\":\"https:\/\/ourisland-azores.com\/#organization\"},\"image\":{\"@id\":\"https:\/\/ourisland-azores.com\/pt-pt\/blog-pt-pt\/a-caminho-da-caldeira-de-santo-cristo\/#primaryimage\"},\"thumbnailUrl\":\"https:\/\/ourisland-azores.com\/wp-content\/uploads\/2019\/04\/s-jorge-blog.jpg\",\"articleSection\":[\"Blog\",\"Caminhada\"],\"inLanguage\":\"pt-PT\"},{\"@type\":\"WebPage\",\"@id\":\"https:\/\/ourisland-azores.com\/pt-pt\/blog-pt-pt\/a-caminho-da-caldeira-de-santo-cristo\/\",\"url\":\"https:\/\/ourisland-azores.com\/pt-pt\/blog-pt-pt\/a-caminho-da-caldeira-de-santo-cristo\/\",\"name\":\"A caminho da Caldeira de Santo Cristo - Our Island\",\"isPartOf\":{\"@id\":\"https:\/\/ourisland-azores.com\/#website\"},\"primaryImageOfPage\":{\"@id\":\"https:\/\/ourisland-azores.com\/pt-pt\/blog-pt-pt\/a-caminho-da-caldeira-de-santo-cristo\/#primaryimage\"},\"image\":{\"@id\":\"https:\/\/ourisland-azores.com\/pt-pt\/blog-pt-pt\/a-caminho-da-caldeira-de-santo-cristo\/#primaryimage\"},\"thumbnailUrl\":\"https:\/\/ourisland-azores.com\/wp-content\/uploads\/2019\/04\/s-jorge-blog.jpg\",\"datePublished\":\"2023-02-14T17:14:22+00:00\",\"dateModified\":\"2023-02-15T13:22:56+00:00\",\"description\":\"A Faj\u00e3 da Caldeira de Santo Cristo \u00e9 um local muito especial. Tornou-se cada vez mais popular nos \u00faltimos anos.\",\"breadcrumb\":{\"@id\":\"https:\/\/ourisland-azores.com\/pt-pt\/blog-pt-pt\/a-caminho-da-caldeira-de-santo-cristo\/#breadcrumb\"},\"inLanguage\":\"pt-PT\",\"potentialAction\":[{\"@type\":\"ReadAction\",\"target\":[\"https:\/\/ourisland-azores.com\/pt-pt\/blog-pt-pt\/a-caminho-da-caldeira-de-santo-cristo\/\"]}]},{\"@type\":\"ImageObject\",\"inLanguage\":\"pt-PT\",\"@id\":\"https:\/\/ourisland-azores.com\/pt-pt\/blog-pt-pt\/a-caminho-da-caldeira-de-santo-cristo\/#primaryimage\",\"url\":\"https:\/\/ourisland-azores.com\/wp-content\/uploads\/2019\/04\/s-jorge-blog.jpg\",\"contentUrl\":\"https:\/\/ourisland-azores.com\/wp-content\/uploads\/2019\/04\/s-jorge-blog.jpg\",\"width\":1000,\"height\":769,\"caption\":\"Caldeira de Santo Cristo\"},{\"@type\":\"BreadcrumbList\",\"@id\":\"https:\/\/ourisland-azores.com\/pt-pt\/blog-pt-pt\/a-caminho-da-caldeira-de-santo-cristo\/#breadcrumb\",\"itemListElement\":[{\"@type\":\"ListItem\",\"position\":1,\"name\":\"In\u00edcio\",\"item\":\"https:\/\/ourisland-azores.com\/pt-pt\/\"},{\"@type\":\"ListItem\",\"position\":2,\"name\":\"A caminho da Caldeira de Santo Cristo\"}]},{\"@type\":\"WebSite\",\"@id\":\"https:\/\/ourisland-azores.com\/#website\",\"url\":\"https:\/\/ourisland-azores.com\/\",\"name\":\"Our Island Azores\",\"description\":\"\",\"publisher\":{\"@id\":\"https:\/\/ourisland-azores.com\/#organization\"},\"potentialAction\":[{\"@type\":\"SearchAction\",\"target\":{\"@type\":\"EntryPoint\",\"urlTemplate\":\"https:\/\/ourisland-azores.com\/?s={search_term_string}\"},\"query-input\":{\"@type\":\"PropertyValueSpecification\",\"valueRequired\":true,\"valueName\":\"search_term_string\"}}],\"inLanguage\":\"pt-PT\"},{\"@type\":\"Organization\",\"@id\":\"https:\/\/ourisland-azores.com\/#organization\",\"name\":\"Our Island Azores\",\"url\":\"https:\/\/ourisland-azores.com\/\",\"logo\":{\"@type\":\"ImageObject\",\"inLanguage\":\"pt-PT\",\"@id\":\"https:\/\/ourisland-azores.com\/#\/schema\/logo\/image\/\",\"url\":\"https:\/\/ourisland-azores.com\/wp-content\/uploads\/2019\/05\/our-island-logo-horizontal.svg\",\"contentUrl\":\"https:\/\/ourisland-azores.com\/wp-content\/uploads\/2019\/05\/our-island-logo-horizontal.svg\",\"caption\":\"Our Island Azores\"},\"image\":{\"@id\":\"https:\/\/ourisland-azores.com\/#\/schema\/logo\/image\/\"}},{\"@type\":\"Person\",\"@id\":\"https:\/\/ourisland-azores.com\/#\/schema\/person\/3f507218f4d777a8441e276b92e02c70\",\"name\":\"Our Island\",\"url\":\"https:\/\/ourisland-azores.com\/pt-pt\/author\/ourisland\/\"}]}<\/script>\n<!-- \/ Yoast SEO plugin. -->","yoast_head_json":{"title":"A caminho da Caldeira de Santo Cristo - Our Island","description":"A Faj\u00e3 da Caldeira de Santo Cristo \u00e9 um local muito especial. Tornou-se cada vez mais popular nos \u00faltimos anos.","robots":{"index":"index","follow":"follow","max-snippet":"max-snippet:-1","max-image-preview":"max-image-preview:large","max-video-preview":"max-video-preview:-1"},"canonical":"https:\/\/ourisland-azores.com\/pt-pt\/blog-pt-pt\/a-caminho-da-caldeira-de-santo-cristo\/","og_locale":"pt_PT","og_type":"article","og_title":"A caminho da Caldeira de Santo Cristo - Our Island","og_description":"A Faj\u00e3 da Caldeira de Santo Cristo \u00e9 um local muito especial. Tornou-se cada vez mais popular nos \u00faltimos anos.","og_url":"https:\/\/ourisland-azores.com\/pt-pt\/blog-pt-pt\/a-caminho-da-caldeira-de-santo-cristo\/","og_site_name":"Our Island Azores","article_published_time":"2023-02-14T17:14:22+00:00","article_modified_time":"2023-02-15T13:22:56+00:00","og_image":[{"width":1000,"height":769,"url":"https:\/\/ourisland-azores.com\/wp-content\/uploads\/2019\/04\/s-jorge-blog.jpg","type":"image\/jpeg"}],"author":"Our Island","twitter_card":"summary_large_image","twitter_misc":{"Escrito por":"Our Island","Tempo estimado de leitura":"2 minutos"},"schema":{"@context":"https:\/\/schema.org","@graph":[{"@type":"Article","@id":"https:\/\/ourisland-azores.com\/pt-pt\/blog-pt-pt\/a-caminho-da-caldeira-de-santo-cristo\/#article","isPartOf":{"@id":"https:\/\/ourisland-azores.com\/pt-pt\/blog-pt-pt\/a-caminho-da-caldeira-de-santo-cristo\/"},"author":{"name":"Our Island","@id":"https:\/\/ourisland-azores.com\/#\/schema\/person\/3f507218f4d777a8441e276b92e02c70"},"headline":"A caminho da Caldeira de Santo Cristo","datePublished":"2023-02-14T17:14:22+00:00","dateModified":"2023-02-15T13:22:56+00:00","mainEntityOfPage":{"@id":"https:\/\/ourisland-azores.com\/pt-pt\/blog-pt-pt\/a-caminho-da-caldeira-de-santo-cristo\/"},"wordCount":263,"publisher":{"@id":"https:\/\/ourisland-azores.com\/#organization"},"image":{"@id":"https:\/\/ourisland-azores.com\/pt-pt\/blog-pt-pt\/a-caminho-da-caldeira-de-santo-cristo\/#primaryimage"},"thumbnailUrl":"https:\/\/ourisland-azores.com\/wp-content\/uploads\/2019\/04\/s-jorge-blog.jpg","articleSection":["Blog","Caminhada"],"inLanguage":"pt-PT"},{"@type":"WebPage","@id":"https:\/\/ourisland-azores.com\/pt-pt\/blog-pt-pt\/a-caminho-da-caldeira-de-santo-cristo\/","url":"https:\/\/ourisland-azores.com\/pt-pt\/blog-pt-pt\/a-caminho-da-caldeira-de-santo-cristo\/","name":"A caminho da Caldeira de Santo Cristo - Our Island","isPartOf":{"@id":"https:\/\/ourisland-azores.com\/#website"},"primaryImageOfPage":{"@id":"https:\/\/ourisland-azores.com\/pt-pt\/blog-pt-pt\/a-caminho-da-caldeira-de-santo-cristo\/#primaryimage"},"image":{"@id":"https:\/\/ourisland-azores.com\/pt-pt\/blog-pt-pt\/a-caminho-da-caldeira-de-santo-cristo\/#primaryimage"},"thumbnailUrl":"https:\/\/ourisland-azores.com\/wp-content\/uploads\/2019\/04\/s-jorge-blog.jpg","datePublished":"2023-02-14T17:14:22+00:00","dateModified":"2023-02-15T13:22:56+00:00","description":"A Faj\u00e3 da Caldeira de Santo Cristo \u00e9 um local muito especial. Tornou-se cada vez mais popular nos \u00faltimos anos.","breadcrumb":{"@id":"https:\/\/ourisland-azores.com\/pt-pt\/blog-pt-pt\/a-caminho-da-caldeira-de-santo-cristo\/#breadcrumb"},"inLanguage":"pt-PT","potentialAction":[{"@type":"ReadAction","target":["https:\/\/ourisland-azores.com\/pt-pt\/blog-pt-pt\/a-caminho-da-caldeira-de-santo-cristo\/"]}]},{"@type":"ImageObject","inLanguage":"pt-PT","@id":"https:\/\/ourisland-azores.com\/pt-pt\/blog-pt-pt\/a-caminho-da-caldeira-de-santo-cristo\/#primaryimage","url":"https:\/\/ourisland-azores.com\/wp-content\/uploads\/2019\/04\/s-jorge-blog.jpg","contentUrl":"https:\/\/ourisland-azores.com\/wp-content\/uploads\/2019\/04\/s-jorge-blog.jpg","width":1000,"height":769,"caption":"Caldeira de Santo Cristo"},{"@type":"BreadcrumbList","@id":"https:\/\/ourisland-azores.com\/pt-pt\/blog-pt-pt\/a-caminho-da-caldeira-de-santo-cristo\/#breadcrumb","itemListElement":[{"@type":"ListItem","position":1,"name":"In\u00edcio","item":"https:\/\/ourisland-azores.com\/pt-pt\/"},{"@type":"ListItem","position":2,"name":"A caminho da Caldeira de Santo Cristo"}]},{"@type":"WebSite","@id":"https:\/\/ourisland-azores.com\/#website","url":"https:\/\/ourisland-azores.com\/","name":"Our Island Azores","description":"","publisher":{"@id":"https:\/\/ourisland-azores.com\/#organization"},"potentialAction":[{"@type":"SearchAction","target":{"@type":"EntryPoint","urlTemplate":"https:\/\/ourisland-azores.com\/?s={search_term_string}"},"query-input":{"@type":"PropertyValueSpecification","valueRequired":true,"valueName":"search_term_string"}}],"inLanguage":"pt-PT"},{"@type":"Organization","@id":"https:\/\/ourisland-azores.com\/#organization","name":"Our Island Azores","url":"https:\/\/ourisland-azores.com\/","logo":{"@type":"ImageObject","inLanguage":"pt-PT","@id":"https:\/\/ourisland-azores.com\/#\/schema\/logo\/image\/","url":"https:\/\/ourisland-azores.com\/wp-content\/uploads\/2019\/05\/our-island-logo-horizontal.svg","contentUrl":"https:\/\/ourisland-azores.com\/wp-content\/uploads\/2019\/05\/our-island-logo-horizontal.svg","caption":"Our Island Azores"},"image":{"@id":"https:\/\/ourisland-azores.com\/#\/schema\/logo\/image\/"}},{"@type":"Person","@id":"https:\/\/ourisland-azores.com\/#\/schema\/person\/3f507218f4d777a8441e276b92e02c70","name":"Our Island","url":"https:\/\/ourisland-azores.com\/pt-pt\/author\/ourisland\/"}]}},"_links":{"self":[{"href":"https:\/\/ourisland-azores.com\/pt-pt\/wp-json\/wp\/v2\/posts\/25994","targetHints":{"allow":["GET"]}}],"collection":[{"href":"https:\/\/ourisland-azores.com\/pt-pt\/wp-json\/wp\/v2\/posts"}],"about":[{"href":"https:\/\/ourisland-azores.com\/pt-pt\/wp-json\/wp\/v2\/types\/post"}],"author":[{"embeddable":true,"href":"https:\/\/ourisland-azores.com\/pt-pt\/wp-json\/wp\/v2\/users\/2"}],"replies":[{"embeddable":true,"href":"https:\/\/ourisland-azores.com\/pt-pt\/wp-json\/wp\/v2\/comments?post=25994"}],"version-history":[{"count":5,"href":"https:\/\/ourisland-azores.com\/pt-pt\/wp-json\/wp\/v2\/posts\/25994\/revisions"}],"predecessor-version":[{"id":26010,"href":"https:\/\/ourisland-azores.com\/pt-pt\/wp-json\/wp\/v2\/posts\/25994\/revisions\/26010"}],"wp:featuredmedia":[{"embeddable":true,"href":"https:\/\/ourisland-azores.com\/pt-pt\/wp-json\/wp\/v2\/media\/1356"}],"wp:attachment":[{"href":"https:\/\/ourisland-azores.com\/pt-pt\/wp-json\/wp\/v2\/media?parent=25994"}],"wp:term":[{"taxonomy":"category","embeddable":true,"href":"https:\/\/ourisland-azores.com\/pt-pt\/wp-json\/wp\/v2\/categories?post=25994"},{"taxonomy":"post_tag","embeddable":true,"href":"https:\/\/ourisland-azores.com\/pt-pt\/wp-json\/wp\/v2\/tags?post=25994"}],"curies":[{"name":"wp","href":"https:\/\/api.w.org\/{rel}","templated":true}]}}